{"id":6906,"date":"2015-02-11T11:02:58","date_gmt":"2015-02-11T10:02:58","guid":{"rendered":"http:\/\/www.photobooth.lu\/?p=6906"},"modified":"2016-04-17T11:24:27","modified_gmt":"2016-04-17T10:24:27","slug":"le-minipod-is-here","status":"publish","type":"post","link":"https:\/\/www.photobooth.lu\/fr\/le-minipod-is-here\/","title":{"rendered":"Le MiniPod is here!"},"content":{"rendered":"<p><a href=\"http:\/\/www.photobooth.lu\/wp-content\/uploads\/2015\/02\/minipod-photobooth.jpg\"><img loading=\"lazy\" class=\"aligncenter size-full wp-image-6907\" src=\"http:\/\/www.photobooth.lu\/wp-content\/uploads\/2015\/02\/minipod-photobooth.jpg\" alt=\"minipod-photobooth\" width=\"900\" height=\"550\" srcset=\"https:\/\/www.photobooth.lu\/wp-content\/uploads\/2015\/02\/minipod-photobooth.jpg 900w, https:\/\/www.photobooth.lu\/wp-content\/uploads\/2015\/02\/minipod-photobooth-300x183.jpg 300w, https:\/\/www.photobooth.lu\/wp-content\/uploads\/2015\/02\/minipod-photobooth-100x61.jpg 100w, https:\/\/www.photobooth.lu\/wp-content\/uploads\/2015\/02\/minipod-photobooth-846x517.jpg 846w\" sizes=\"(max-width: 900px) 100vw, 900px\" \/><\/a><\/p>\n<p>Our new product has finally launched and we couldn&rsquo;t be more excited. Say hello to the <em><strong>MiniPod<\/strong><del><\/del><\/em>, Le Photobooth&rsquo;s smaller brother. Just like the original, the pod takes pictures of your guests and prints them on-the-spot. With its lighter, more compact body, the pod can be transported much easier. Plus, because of its wide viewpoint, it can capture large groups of people in one go (we&rsquo;re talking 10-15 people). What&rsquo;s not to love about this mobile photo robot?<\/p>\n<p><a href=\"http:\/\/www.photobooth.lu\/wp-content\/uploads\/2015\/02\/photobooth-minipods.jpg\"><img loading=\"lazy\" class=\"aligncenter size-full wp-image-6908\" src=\"http:\/\/www.photobooth.lu\/wp-content\/uploads\/2015\/02\/photobooth-minipods.jpg\" alt=\"photobooth-minipods\" width=\"900\" height=\"680\" srcset=\"https:\/\/www.photobooth.lu\/wp-content\/uploads\/2015\/02\/photobooth-minipods.jpg 900w, https:\/\/www.photobooth.lu\/wp-content\/uploads\/2015\/02\/photobooth-minipods-300x227.jpg 300w, https:\/\/www.photobooth.lu\/wp-content\/uploads\/2015\/02\/photobooth-minipods-100x76.jpg 100w, https:\/\/www.photobooth.lu\/wp-content\/uploads\/2015\/02\/photobooth-minipods-846x639.jpg 846w\" sizes=\"(max-width: 900px) 100vw, 900px\" \/><\/a><\/p>\n<p>In terms of customisation, the MiniPod offers less choice than the Photobooth; you can personalise the prints and the touch screen menu, but not the outside of the pod. We think it looks pretty good anyway, with its grey, sleek panels. The pod is yours for 2 hours, starter options included, for a mere <em>550 euros<\/em>.<\/p>\n<p><a href=\"http:\/\/www.photobooth.lu\/wp-content\/uploads\/2015\/02\/price_minipod.jpg\"><img loading=\"lazy\" class=\"aligncenter size-full wp-image-6909\" src=\"http:\/\/www.photobooth.lu\/wp-content\/uploads\/2015\/02\/price_minipod.jpg\" alt=\"price_minipod\" width=\"678\" height=\"494\" srcset=\"https:\/\/www.photobooth.lu\/wp-content\/uploads\/2015\/02\/price_minipod.jpg 678w, https:\/\/www.photobooth.lu\/wp-content\/uploads\/2015\/02\/price_minipod-300x219.jpg 300w, https:\/\/www.photobooth.lu\/wp-content\/uploads\/2015\/02\/price_minipod-100x73.jpg 100w\" sizes=\"(max-width: 678px) 100vw, 678px\" \/><\/a><\/p>\n<p>&nbsp;<\/p>\n<p>For more details, visit our <em><strong><a title=\"The MiniPod\" href=\"http:\/\/www.photobooth.lu\/the-minipod\/\">MiniPod<\/a><\/strong><\/em> page.<\/p>\n<div  class=\"x-entry-share\" ><p>Share this Post<\/p><div class=\"x-share-options\"><a href=\"#share\" data-x-element=\"extra\" data-x-params=\"{&quot;type&quot;:&quot;tooltip&quot;,&quot;trigger&quot;:&quot;hover&quot;,&quot;placement&quot;:&quot;bottom&quot;,&quot;title&quot;:&quot;&quot;,&quot;content&quot;:&quot;&quot;}\" class=\"x-share\" title=\"Share on Facebook\" onclick=\"window.open('http:\/\/www.facebook.com\/sharer.php?u=https%3A%2F%2Fwww.photobooth.lu%2Ffr%2Fwp-json%2Fwp%2Fv2%2Fposts%2F6906&amp;t=%28English%29+The+Blog', 'popupFacebook', 'width=650, height=270, resizable=0, toolbar=0, menubar=0, status=0, location=0, scrollbars=0'); return false;\"><i class=\"x-icon-facebook-square\" data-x-icon-b=\"&#xf082;\"><\/i><\/a><a href=\"#share\" data-x-element=\"extra\" data-x-params=\"{&quot;type&quot;:&quot;tooltip&quot;,&quot;trigger&quot;:&quot;hover&quot;,&quot;placement&quot;:&quot;bottom&quot;,&quot;title&quot;:&quot;&quot;,&quot;content&quot;:&quot;&quot;}\" class=\"x-share\" title=\"Share on Twitter\" onclick=\"window.open('https:\/\/twitter.com\/intent\/tweet?text=%28English%29+The+Blog&amp;url=https%3A%2F%2Fwww.photobooth.lu%2Ffr%2Fwp-json%2Fwp%2Fv2%2Fposts%2F6906', 'popupTwitter', 'width=500, height=370, resizable=0, toolbar=0, menubar=0, status=0, location=0, scrollbars=0'); return false;\"><i class=\"x-icon-twitter-square\" data-x-icon-b=\"&#xf081;\"><\/i><\/a><a href=\"#share\" data-x-element=\"extra\" data-x-params=\"{&quot;type&quot;:&quot;tooltip&quot;,&quot;trigger&quot;:&quot;hover&quot;,&quot;placement&quot;:&quot;bottom&quot;,&quot;title&quot;:&quot;&quot;,&quot;content&quot;:&quot;&quot;}\" class=\"x-share\" title=\"Share on Google+\" onclick=\"window.open('https:\/\/plus.google.com\/share?url=https%3A%2F%2Fwww.photobooth.lu%2Ffr%2Fwp-json%2Fwp%2Fv2%2Fposts%2F6906', 'popupGooglePlus', 'width=650, height=226, resizable=0, toolbar=0, menubar=0, status=0, location=0, scrollbars=0'); return false;\"><i class=\"x-icon-google-plus-square\" data-x-icon-b=\"&#xf0d4;\"><\/i><\/a><a href=\"#share\" data-x-element=\"extra\" data-x-params=\"{&quot;type&quot;:&quot;tooltip&quot;,&quot;trigger&quot;:&quot;hover&quot;,&quot;placement&quot;:&quot;bottom&quot;,&quot;title&quot;:&quot;&quot;,&quot;content&quot;:&quot;&quot;}\" class=\"x-share\" title=\"Share on Pinterest\" onclick=\"window.open('http:\/\/pinterest.com\/pin\/create\/button\/?url=https%3A%2F%2Fwww.photobooth.lu%2Ffr%2Fwp-json%2Fwp%2Fv2%2Fposts%2F6906&amp;media=&amp;description=%28English%29+The+Blog', 'popupPinterest', 'width=750, height=265, resizable=0, toolbar=0, menubar=0, status=0, location=0, scrollbars=0'); return false;\"><i class=\"x-icon-pinterest-square\" data-x-icon-b=\"&#xf0d3;\"><\/i><\/a><a href=\"#share\" data-x-element=\"extra\" data-x-params=\"{&quot;type&quot;:&quot;tooltip&quot;,&quot;trigger&quot;:&quot;hover&quot;,&quot;placement&quot;:&quot;bottom&quot;,&quot;title&quot;:&quot;&quot;,&quot;content&quot;:&quot;&quot;}\" class=\"x-share\" title=\"Share on Reddit\" onclick=\"window.open('http:\/\/www.reddit.com\/submit?url=https%3A%2F%2Fwww.photobooth.lu%2Ffr%2Fwp-json%2Fwp%2Fv2%2Fposts%2F6906', 'popupReddit', 'width=875, height=450, resizable=0, toolbar=0, menubar=0, status=0, location=0, scrollbars=0'); return false;\"><i class=\"x-icon-reddit-square\" data-x-icon-b=\"&#xf1a2;\"><\/i><\/a><a href=\"mailto:?subject=%28English%29+The+Blog&amp;body=Hey, thought you might enjoy this! Check it out when you have a chance: https:\/\/www.photobooth.lu\/fr\/le-minipod-is-here\/\" data-x-element=\"extra\" data-x-params=\"{&quot;type&quot;:&quot;tooltip&quot;,&quot;trigger&quot;:&quot;hover&quot;,&quot;placement&quot;:&quot;bottom&quot;,&quot;title&quot;:&quot;&quot;,&quot;content&quot;:&quot;&quot;}\" class=\"x-share email\" title=\"Share via Email\"><span><i class=\"x-icon-envelope-square\" data-x-icon-s=\"&#xf199;\"><\/i><\/span><\/a><\/div><\/div>\n","protected":false},"excerpt":{"rendered":"<p>Our new product has finally launched and we couldn&rsquo;t be more excited. Say hello to the MiniPod, Le Photobooth&rsquo;s smaller brother. Just like the original, the pod takes pictures of your guests and prints them on-the-spot. With its lighter, more &#8230; <a href=\"https:\/\/www.photobooth.lu\/fr\/le-minipod-is-here\/\" class=\"more-link\">Read More<\/a><\/p>\n","protected":false},"author":1,"featured_media":0,"comment_status":"closed","ping_status":"open","sticky":false,"template":"","format":"standard","meta":[],"categories":[41],"tags":[44,42,45,19,43,46],"yoast_head":"<!-- This site is optimized with the Yoast SEO plugin v18.1 - https:\/\/yoast.com\/wordpress\/plugins\/seo\/ -->\n<title>Le MiniPod is here! - Le Photobooth Luxembourg<\/title>\n<meta name=\"robots\" content=\"index, follow, max-snippet:-1, max-image-preview:large, max-video-preview:-1\" \/>\n<link rel=\"canonical\" href=\"https:\/\/www.photobooth.lu\/fr\/le-minipod-is-here\/\" \/>\n<meta property=\"og:locale\" content=\"fr_FR\" \/>\n<meta property=\"og:type\" content=\"article\" \/>\n<meta property=\"og:title\" content=\"Le MiniPod is here! - Le Photobooth Luxembourg\" \/>\n<meta property=\"og:description\" content=\"Our new product has finally launched and we couldn&rsquo;t be more excited. Say hello to the MiniPod, Le Photobooth&rsquo;s smaller brother. Just like the original, the pod takes pictures of your guests and prints them on-the-spot. With its lighter, more ... Read More\" \/>\n<meta property=\"og:url\" content=\"https:\/\/www.photobooth.lu\/fr\/le-minipod-is-here\/\" \/>\n<meta property=\"og:site_name\" content=\"Le Photobooth Luxembourg\" \/>\n<meta property=\"article:publisher\" content=\"https:\/\/www.facebook.com\/photobooth.lu\" \/>\n<meta property=\"article:published_time\" content=\"2015-02-11T10:02:58+00:00\" \/>\n<meta property=\"article:modified_time\" content=\"2016-04-17T10:24:27+00:00\" \/>\n<meta property=\"og:image\" content=\"http:\/\/www.photobooth.lu\/wp-content\/uploads\/2015\/02\/minipod-photobooth.jpg\" \/>\n<meta name=\"twitter:label1\" content=\"\u00c9crit par\" \/>\n\t<meta name=\"twitter:data1\" content=\"Ana\" \/>\n\t<meta name=\"twitter:label2\" content=\"Dur\u00e9e de lecture estim\u00e9e\" \/>\n\t<meta name=\"twitter:data2\" content=\"1 minute\" \/>\n<script type=\"application\/ld+json\" class=\"yoast-schema-graph\">{\"@context\":\"https:\/\/schema.org\",\"@graph\":[{\"@type\":\"WebSite\",\"@id\":\"https:\/\/www.photobooth.lu\/fr\/#website\",\"url\":\"https:\/\/www.photobooth.lu\/fr\/\",\"name\":\"Le Photobooth Luxembourg\",\"description\":\"Custom event photobooths in Luxembourg\",\"potentialAction\":[{\"@type\":\"SearchAction\",\"target\":{\"@type\":\"EntryPoint\",\"urlTemplate\":\"https:\/\/www.photobooth.lu\/fr\/?s={search_term_string}\"},\"query-input\":\"required name=search_term_string\"}],\"inLanguage\":\"fr-FR\"},{\"@type\":\"ImageObject\",\"@id\":\"https:\/\/www.photobooth.lu\/fr\/le-minipod-is-here\/#primaryimage\",\"inLanguage\":\"fr-FR\",\"url\":\"http:\/\/www.photobooth.lu\/wp-content\/uploads\/2015\/02\/minipod-photobooth.jpg\",\"contentUrl\":\"http:\/\/www.photobooth.lu\/wp-content\/uploads\/2015\/02\/minipod-photobooth.jpg\"},{\"@type\":\"WebPage\",\"@id\":\"https:\/\/www.photobooth.lu\/fr\/le-minipod-is-here\/#webpage\",\"url\":\"https:\/\/www.photobooth.lu\/fr\/le-minipod-is-here\/\",\"name\":\"Le MiniPod is here! - Le Photobooth Luxembourg\",\"isPartOf\":{\"@id\":\"https:\/\/www.photobooth.lu\/fr\/#website\"},\"primaryImageOfPage\":{\"@id\":\"https:\/\/www.photobooth.lu\/fr\/le-minipod-is-here\/#primaryimage\"},\"datePublished\":\"2015-02-11T10:02:58+00:00\",\"dateModified\":\"2016-04-17T10:24:27+00:00\",\"author\":{\"@id\":\"https:\/\/www.photobooth.lu\/fr\/#\/schema\/person\/9336c56206af422dafc4068b9e23c13c\"},\"breadcrumb\":{\"@id\":\"https:\/\/www.photobooth.lu\/fr\/le-minipod-is-here\/#breadcrumb\"},\"inLanguage\":\"fr-FR\",\"potentialAction\":[{\"@type\":\"ReadAction\",\"target\":[\"https:\/\/www.photobooth.lu\/fr\/le-minipod-is-here\/\"]}]},{\"@type\":\"BreadcrumbList\",\"@id\":\"https:\/\/www.photobooth.lu\/fr\/le-minipod-is-here\/#breadcrumb\",\"itemListElement\":[{\"@type\":\"ListItem\",\"position\":1,\"name\":\"Home\",\"item\":\"https:\/\/www.photobooth.lu\/\"},{\"@type\":\"ListItem\",\"position\":2,\"name\":\"Le MiniPod is here!\"}]},{\"@type\":\"Person\",\"@id\":\"https:\/\/www.photobooth.lu\/fr\/#\/schema\/person\/9336c56206af422dafc4068b9e23c13c\",\"name\":\"Ana\",\"image\":{\"@type\":\"ImageObject\",\"@id\":\"https:\/\/www.photobooth.lu\/fr\/#personlogo\",\"inLanguage\":\"fr-FR\",\"url\":\"https:\/\/secure.gravatar.com\/avatar\/13bfc4e0368d97455ee4ce1b80e51795?s=96&d=mm&r=g\",\"contentUrl\":\"https:\/\/secure.gravatar.com\/avatar\/13bfc4e0368d97455ee4ce1b80e51795?s=96&d=mm&r=g\",\"caption\":\"Ana\"},\"url\":\"https:\/\/www.photobooth.lu\/fr\/author\/admin\/\"}]}<\/script>\n<!-- \/ Yoast SEO plugin. -->","yoast_head_json":{"title":"Le MiniPod is here! - Le Photobooth Luxembourg","robots":{"index":"index","follow":"follow","max-snippet":"max-snippet:-1","max-image-preview":"max-image-preview:large","max-video-preview":"max-video-preview:-1"},"canonical":"https:\/\/www.photobooth.lu\/fr\/le-minipod-is-here\/","og_locale":"fr_FR","og_type":"article","og_title":"Le MiniPod is here! - Le Photobooth Luxembourg","og_description":"Our new product has finally launched and we couldn&rsquo;t be more excited. Say hello to the MiniPod, Le Photobooth&rsquo;s smaller brother. Just like the original, the pod takes pictures of your guests and prints them on-the-spot. With its lighter, more ... Read More","og_url":"https:\/\/www.photobooth.lu\/fr\/le-minipod-is-here\/","og_site_name":"Le Photobooth Luxembourg","article_publisher":"https:\/\/www.facebook.com\/photobooth.lu","article_published_time":"2015-02-11T10:02:58+00:00","article_modified_time":"2016-04-17T10:24:27+00:00","og_image":[{"url":"http:\/\/www.photobooth.lu\/wp-content\/uploads\/2015\/02\/minipod-photobooth.jpg"}],"twitter_misc":{"\u00c9crit par":"Ana","Dur\u00e9e de lecture estim\u00e9e":"1 minute"},"schema":{"@context":"https:\/\/schema.org","@graph":[{"@type":"WebSite","@id":"https:\/\/www.photobooth.lu\/fr\/#website","url":"https:\/\/www.photobooth.lu\/fr\/","name":"Le Photobooth Luxembourg","description":"Custom event photobooths in Luxembourg","potentialAction":[{"@type":"SearchAction","target":{"@type":"EntryPoint","urlTemplate":"https:\/\/www.photobooth.lu\/fr\/?s={search_term_string}"},"query-input":"required name=search_term_string"}],"inLanguage":"fr-FR"},{"@type":"ImageObject","@id":"https:\/\/www.photobooth.lu\/fr\/le-minipod-is-here\/#primaryimage","inLanguage":"fr-FR","url":"http:\/\/www.photobooth.lu\/wp-content\/uploads\/2015\/02\/minipod-photobooth.jpg","contentUrl":"http:\/\/www.photobooth.lu\/wp-content\/uploads\/2015\/02\/minipod-photobooth.jpg"},{"@type":"WebPage","@id":"https:\/\/www.photobooth.lu\/fr\/le-minipod-is-here\/#webpage","url":"https:\/\/www.photobooth.lu\/fr\/le-minipod-is-here\/","name":"Le MiniPod is here! - Le Photobooth Luxembourg","isPartOf":{"@id":"https:\/\/www.photobooth.lu\/fr\/#website"},"primaryImageOfPage":{"@id":"https:\/\/www.photobooth.lu\/fr\/le-minipod-is-here\/#primaryimage"},"datePublished":"2015-02-11T10:02:58+00:00","dateModified":"2016-04-17T10:24:27+00:00","author":{"@id":"https:\/\/www.photobooth.lu\/fr\/#\/schema\/person\/9336c56206af422dafc4068b9e23c13c"},"breadcrumb":{"@id":"https:\/\/www.photobooth.lu\/fr\/le-minipod-is-here\/#breadcrumb"},"inLanguage":"fr-FR","potentialAction":[{"@type":"ReadAction","target":["https:\/\/www.photobooth.lu\/fr\/le-minipod-is-here\/"]}]},{"@type":"BreadcrumbList","@id":"https:\/\/www.photobooth.lu\/fr\/le-minipod-is-here\/#breadcrumb","itemListElement":[{"@type":"ListItem","position":1,"name":"Home","item":"https:\/\/www.photobooth.lu\/"},{"@type":"ListItem","position":2,"name":"Le MiniPod is here!"}]},{"@type":"Person","@id":"https:\/\/www.photobooth.lu\/fr\/#\/schema\/person\/9336c56206af422dafc4068b9e23c13c","name":"Ana","image":{"@type":"ImageObject","@id":"https:\/\/www.photobooth.lu\/fr\/#personlogo","inLanguage":"fr-FR","url":"https:\/\/secure.gravatar.com\/avatar\/13bfc4e0368d97455ee4ce1b80e51795?s=96&d=mm&r=g","contentUrl":"https:\/\/secure.gravatar.com\/avatar\/13bfc4e0368d97455ee4ce1b80e51795?s=96&d=mm&r=g","caption":"Ana"},"url":"https:\/\/www.photobooth.lu\/fr\/author\/admin\/"}]}},"post_mailing_queue_ids":[],"_links":{"self":[{"href":"https:\/\/www.photobooth.lu\/fr\/wp-json\/wp\/v2\/posts\/6906"}],"collection":[{"href":"https:\/\/www.photobooth.lu\/fr\/wp-json\/wp\/v2\/posts"}],"about":[{"href":"https:\/\/www.photobooth.lu\/fr\/wp-json\/wp\/v2\/types\/post"}],"author":[{"embeddable":true,"href":"https:\/\/www.photobooth.lu\/fr\/wp-json\/wp\/v2\/users\/1"}],"replies":[{"embeddable":true,"href":"https:\/\/www.photobooth.lu\/fr\/wp-json\/wp\/v2\/comments?post=6906"}],"version-history":[{"count":2,"href":"https:\/\/www.photobooth.lu\/fr\/wp-json\/wp\/v2\/posts\/6906\/revisions"}],"predecessor-version":[{"id":7072,"href":"https:\/\/www.photobooth.lu\/fr\/wp-json\/wp\/v2\/posts\/6906\/revisions\/7072"}],"wp:attachment":[{"href":"https:\/\/www.photobooth.lu\/fr\/wp-json\/wp\/v2\/media?parent=6906"}],"wp:term":[{"taxonomy":"category","embeddable":true,"href":"https:\/\/www.photobooth.lu\/fr\/wp-json\/wp\/v2\/categories?post=6906"},{"taxonomy":"post_tag","embeddable":true,"href":"https:\/\/www.photobooth.lu\/fr\/wp-json\/wp\/v2\/tags?post=6906"}],"curies":[{"name":"wp","href":"https:\/\/api.w.org\/{rel}","templated":true}]}}